{"id":571,"date":"2020-06-08T10:19:07","date_gmt":"2020-06-08T08:19:07","guid":{"rendered":"https:\/\/viaferrata-souterrata.fr\/?p=571"},"modified":"2021-06-18T15:09:07","modified_gmt":"2021-06-18T13:09:07","slug":"recommandations","status":"publish","type":"post","link":"https:\/\/viaferrata-souterrata.fr\/index.php\/2020\/06\/08\/recommandations\/","title":{"rendered":"Recommandations"},"content":{"rendered":"\t\t<div data-elementor-type=\"wp-post\" data-elementor-id=\"571\" class=\"elementor elementor-571\" data-elementor-settings=\"[]\">\n\t\t\t\t\t\t<div class=\"elementor-inner\">\n\t\t\t\t\t\t\t<div class=\"elementor-section-wrap\">\n\t\t\t\t\t\t\t<section class=\"elementor-section elementor-top-section elementor-element elementor-element-5035b60 elementor-section-boxed elementor-section-height-default elementor-section-height-default\" data-id=\"5035b60\" data-element_type=\"section\">\n\t\t\t\t\t\t<div class=\"elementor-container elementor-column-gap-default\">\n\t\t\t\t\t\t\t<div class=\"elementor-row\">\n\t\t\t\t\t<div class=\"elementor-column elementor-col-100 elementor-top-column elementor-element elementor-element-e0668fa\" data-id=\"e0668fa\" data-element_type=\"column\">\n\t\t\t<div class=\"elementor-column-wrap elementor-element-populated\">\n\t\t\t\t\t\t\t<div class=\"elementor-widget-wrap\">\n\t\t\t\t\t\t<div class=\"elementor-element elementor-element-49630ff elementor-widget elementor-widget-text-editor\" data-id=\"49630ff\" data-element_type=\"widget\" data-widget_type=\"text-editor.default\">\n\t\t\t\t<div class=\"elementor-widget-container\">\n\t\t\t\t\t\t\t\t<div class=\"elementor-text-editor elementor-clearfix\">\n\t\t\t\t\t<h1><span style=\"text-decoration: underline;\"><strong>Consignes de s\u00e9curit\u00e9 <\/strong><\/span><\/h1><p><strong>Via Ferrata Souterrata de Villefranche de Conflent<\/strong><\/p><p><strong style=\"font-size: 20px;\">Vous \u00e9voluerez sur la Via Ferrata Souterrata<\/strong><strong style=\"font-size: 20px;\"> \u00a0<\/strong><strong style=\"font-size: 20px;\">en autonomie<\/strong><strong style=\"font-size: 20px;\"> \u00a0<\/strong><strong style=\"font-size: 20px;\">donc <\/strong><strong style=\"font-size: 20px;\">sous votre propre responsabilit\u00e9<\/strong><strong style=\"font-size: 20px;\">.<\/strong><strong style=\"font-size: 20px;\">\u00a0<\/strong><\/p><p><strong>Respectez toutes les consignes de s\u00e9curit\u00e9 pr\u00e9sent\u00e9es lors du briefing et figurant sur la signal\u00e9tique tout au long du parcours<\/strong><strong>.<\/strong><\/p><p><strong style=\"font-size: 20px; letter-spacing: 0.3px;\">Les pratiquants s\u2019engagent en tenant compte<\/strong><span style=\"font-size: 20px; letter-spacing: 0.3px;\">\u00a0:<\/span><\/p><p><strong>1<\/strong>&#8211; des informations fournies par la signal\u00e9tique.<\/p><p><strong>2<\/strong>&#8211; des dangers inh\u00e9rents au milieu naturel (chocs, chute de pierres, etc.)<\/p><p><strong>3<\/strong>&#8211; des ses capacit\u00e9s physiques, techniques et psychologiques li\u00e9s \u00e0 l\u2019activit\u00e9.<\/p><p><strong>4<\/strong>&#8211; L\u2019\u00e9quipement individuel (harnais et casques) doit \u00eatre imp\u00e9rativement contr\u00f4l\u00e9 par l\u2019operateur avant de commencer l\u2019activit\u00e9 afin de v\u00e9rifier qu\u2019il soit bien ajust\u00e9.<\/p><p>Il ne faut jamais retirer votre \u00e9quipement. Si vous le retirer pour tous motifs\u00a0\u00a0\u00a0\u00a0\u00a0 (toilettes etc.) il doit \u00eatre imp\u00e9rativement contr\u00f4l\u00e9 par l\u2019operateur \u00e0 nouveau.<\/p><p><strong>5<\/strong>&#8211; Les cheveux longs devront \u00eatre attach\u00e9s.<\/p><p><strong>6<\/strong>&#8211; Ce parcours a \u00e9t\u00e9 con\u00e7u pour \u00eatre utilis\u00e9 dans un seul sens, il est obligatoire de respecter celui-ci (signal\u00e9tique)<\/p><p><strong>7<\/strong>&#8211; Une seule personne par obstacle (ponts, tyroliennes, balan\u00e7oire)<\/p><p><strong>8<\/strong>&#8211; La poulie sert uniquement pour les tyroliennes (marquage jaune)<\/p><ul><li>Je v\u00e9rifie qu\u2019il n\u2019y ait plus personne ni \u00e0 l\u2019arriv\u00e9e ni sur a trajectoire de la tyrolienne.<\/li><li>Je ne mets jamais mes mains sur le c\u00e2ble de la tyrolienne lors du d\u00e9placement de la poulie. Mains sur les longes\u00a0!<\/li><\/ul><p><strong>9<\/strong>&#8211; Afin d\u2019\u00e9viter un choc violent en cas de chute par glissade, le point d\u2019attache de mon harnais doit toujours se trouver au dessous de la ligne de vie.<\/p>\t\t\t\t\t<\/div>\n\t\t\t\t\t\t<\/div>\n\t\t\t\t<\/div>\n\t\t\t\t\t\t<\/div>\n\t\t\t\t\t<\/div>\n\t\t<\/div>\n\t\t\t\t\t\t\t\t<\/div>\n\t\t\t\t\t<\/div>\n\t\t<\/section>\n\t\t\t\t<section class=\"elementor-section elementor-top-section elementor-element elementor-element-e516299 elementor-section-boxed elementor-section-height-default elementor-section-height-default\" data-id=\"e516299\" data-element_type=\"section\">\n\t\t\t\t\t\t<div class=\"elementor-container elementor-column-gap-default\">\n\t\t\t\t\t\t\t<div class=\"elementor-row\">\n\t\t\t\t\t<div class=\"elementor-column elementor-col-100 elementor-top-column elementor-element elementor-element-4d19fe2\" data-id=\"4d19fe2\" data-element_type=\"column\">\n\t\t\t<div class=\"elementor-column-wrap elementor-element-populated\">\n\t\t\t\t\t\t\t<div class=\"elementor-widget-wrap\">\n\t\t\t\t\t\t<div class=\"elementor-element elementor-element-32926f3 elementor-widget elementor-widget-image\" data-id=\"32926f3\" data-element_type=\"widget\" data-widget_type=\"image.default\">\n\t\t\t\t<div class=\"elementor-widget-container\">\n\t\t\t\t\t\t\t\t<div class=\"elementor-image\">\n\t\t\t\t\t\t\t\t\t\t\t\t<img width=\"1024\" height=\"472\" src=\"https:\/\/viaferrata-souterrata.fr\/wp-content\/uploads\/2020\/06\/Viaferratahorizontal10-1024x472.jpg\" class=\"attachment-large size-large\" alt=\"\" loading=\"lazy\" srcset=\"https:\/\/viaferrata-souterrata.fr\/wp-content\/uploads\/2020\/06\/Viaferratahorizontal10-1024x472.jpg 1024w, https:\/\/viaferrata-souterrata.fr\/wp-content\/uploads\/2020\/06\/Viaferratahorizontal10-300x138.jpg 300w, https:\/\/viaferrata-souterrata.fr\/wp-content\/uploads\/2020\/06\/Viaferratahorizontal10-768x354.jpg 768w, https:\/\/viaferrata-souterrata.fr\/wp-content\/uploads\/2020\/06\/Viaferratahorizontal10.jpg 1200w\" sizes=\"(max-width: 1024px) 100vw, 1024px\" \/>\t\t\t\t\t\t\t\t\t\t\t\t\t\t<\/div>\n\t\t\t\t\t\t<\/div>\n\t\t\t\t<\/div>\n\t\t\t\t\t\t<\/div>\n\t\t\t\t\t<\/div>\n\t\t<\/div>\n\t\t\t\t\t\t\t\t<\/div>\n\t\t\t\t\t<\/div>\n\t\t<\/section>\n\t\t\t\t\t\t<\/div>\n\t\t\t\t\t\t<\/div>\n\t\t\t\t\t<\/div>\n\t\t","protected":false},"excerpt":{"rendered":"<p>Consignes de s\u00e9curit\u00e9 Via Ferrata Souterrata de Villefranche de Conflent Vous \u00e9voluerez sur la Via Ferrata Souterrata \u00a0en autonomie \u00a0donc sous votre propre responsabilit\u00e9.\u00a0 Respectez toutes les consignes de s\u00e9curit\u00e9 pr\u00e9sent\u00e9es lors du briefing et figurant sur la signal\u00e9tique tout au long du parcours. Les pratiquants s\u2019engagent en tenant compte\u00a0: 1&#8211; des informations fournies par [&hellip;]<\/p>\n","protected":false},"author":1,"featured_media":0,"comment_status":"closed","ping_status":"closed","sticky":false,"template":"","format":"standard","meta":[],"categories":[5],"tags":[],"yoast_head":"<!-- This site is optimized with the Yoast SEO plugin v14.4.1 - https:\/\/yoast.com\/wordpress\/plugins\/seo\/ -->\n<title>Recommandations - viaferrata-souterrata<\/title>\n<meta name=\"robots\" content=\"index, follow\" \/>\n<meta name=\"googlebot\" content=\"index, follow, max-snippet:-1, max-image-preview:large, max-video-preview:-1\" \/>\n<meta name=\"bingbot\" content=\"index, follow, max-snippet:-1, max-image-preview:large, max-video-preview:-1\" \/>\n<link rel=\"canonical\" href=\"https:\/\/viaferrata-souterrata.fr\/index.php\/2020\/06\/08\/recommandations\/\" \/>\n<meta property=\"og:locale\" content=\"fr_FR\" \/>\n<meta property=\"og:type\" content=\"article\" \/>\n<meta property=\"og:title\" content=\"Recommandations - viaferrata-souterrata\" \/>\n<meta property=\"og:description\" content=\"Consignes de s\u00e9curit\u00e9 Via Ferrata Souterrata de Villefranche de Conflent Vous \u00e9voluerez sur la Via Ferrata Souterrata \u00a0en autonomie \u00a0donc sous votre propre responsabilit\u00e9.\u00a0 Respectez toutes les consignes de s\u00e9curit\u00e9 pr\u00e9sent\u00e9es lors du briefing et figurant sur la signal\u00e9tique tout au long du parcours. Les pratiquants s\u2019engagent en tenant compte\u00a0: 1&#8211; des informations fournies par [&hellip;]\" \/>\n<meta property=\"og:url\" content=\"https:\/\/viaferrata-souterrata.fr\/index.php\/2020\/06\/08\/recommandations\/\" \/>\n<meta property=\"og:site_name\" content=\"viaferrata-souterrata\" \/>\n<meta property=\"article:published_time\" content=\"2020-06-08T08:19:07+00:00\" \/>\n<meta property=\"article:modified_time\" content=\"2021-06-18T13:09:07+00:00\" \/>\n<meta property=\"og:image\" content=\"https:\/\/viaferrata-souterrata.fr\/wp-content\/uploads\/2020\/06\/Viaferratahorizontal10-1024x472.jpg\" \/>\n<meta name=\"twitter:card\" content=\"summary_large_image\" \/>\n<script type=\"application\/ld+json\" class=\"yoast-schema-graph\">{\"@context\":\"https:\/\/schema.org\",\"@graph\":[{\"@type\":\"WebSite\",\"@id\":\"https:\/\/viaferrata-souterrata.fr\/#website\",\"url\":\"https:\/\/viaferrata-souterrata.fr\/\",\"name\":\"viaferrata-souterrata\",\"description\":\"vivez un moment exceptionnel en pleine nature\",\"potentialAction\":[{\"@type\":\"SearchAction\",\"target\":\"https:\/\/viaferrata-souterrata.fr\/?s={search_term_string}\",\"query-input\":\"required name=search_term_string\"}],\"inLanguage\":\"fr-FR\"},{\"@type\":\"ImageObject\",\"@id\":\"https:\/\/viaferrata-souterrata.fr\/index.php\/2020\/06\/08\/recommandations\/#primaryimage\",\"inLanguage\":\"fr-FR\",\"url\":\"https:\/\/viaferrata-souterrata.fr\/wp-content\/uploads\/2020\/06\/Viaferratahorizontal10.jpg\",\"width\":1200,\"height\":553},{\"@type\":\"WebPage\",\"@id\":\"https:\/\/viaferrata-souterrata.fr\/index.php\/2020\/06\/08\/recommandations\/#webpage\",\"url\":\"https:\/\/viaferrata-souterrata.fr\/index.php\/2020\/06\/08\/recommandations\/\",\"name\":\"Recommandations - viaferrata-souterrata\",\"isPartOf\":{\"@id\":\"https:\/\/viaferrata-souterrata.fr\/#website\"},\"primaryImageOfPage\":{\"@id\":\"https:\/\/viaferrata-souterrata.fr\/index.php\/2020\/06\/08\/recommandations\/#primaryimage\"},\"datePublished\":\"2020-06-08T08:19:07+00:00\",\"dateModified\":\"2021-06-18T13:09:07+00:00\",\"author\":{\"@id\":\"https:\/\/viaferrata-souterrata.fr\/#\/schema\/person\/721ffb3ad29c0354940c1c1529def5f2\"},\"inLanguage\":\"fr-FR\",\"potentialAction\":[{\"@type\":\"ReadAction\",\"target\":[\"https:\/\/viaferrata-souterrata.fr\/index.php\/2020\/06\/08\/recommandations\/\"]}]},{\"@type\":[\"Person\"],\"@id\":\"https:\/\/viaferrata-souterrata.fr\/#\/schema\/person\/721ffb3ad29c0354940c1c1529def5f2\",\"name\":\"admin6148\",\"image\":{\"@type\":\"ImageObject\",\"@id\":\"https:\/\/viaferrata-souterrata.fr\/#personlogo\",\"inLanguage\":\"fr-FR\",\"url\":\"https:\/\/secure.gravatar.com\/avatar\/655ea9cbe4ec78c3fdd59b0fa93ed10d?s=96&d=mm&r=g\",\"caption\":\"admin6148\"}}]}<\/script>\n<!-- \/ Yoast SEO plugin. -->","_links":{"self":[{"href":"https:\/\/viaferrata-souterrata.fr\/index.php\/wp-json\/wp\/v2\/posts\/571"}],"collection":[{"href":"https:\/\/viaferrata-souterrata.fr\/index.php\/wp-json\/wp\/v2\/posts"}],"about":[{"href":"https:\/\/viaferrata-souterrata.fr\/index.php\/wp-json\/wp\/v2\/types\/post"}],"author":[{"embeddable":true,"href":"https:\/\/viaferrata-souterrata.fr\/index.php\/wp-json\/wp\/v2\/users\/1"}],"replies":[{"embeddable":true,"href":"https:\/\/viaferrata-souterrata.fr\/index.php\/wp-json\/wp\/v2\/comments?post=571"}],"version-history":[{"count":42,"href":"https:\/\/viaferrata-souterrata.fr\/index.php\/wp-json\/wp\/v2\/posts\/571\/revisions"}],"predecessor-version":[{"id":797,"href":"https:\/\/viaferrata-souterrata.fr\/index.php\/wp-json\/wp\/v2\/posts\/571\/revisions\/797"}],"wp:attachment":[{"href":"https:\/\/viaferrata-souterrata.fr\/index.php\/wp-json\/wp\/v2\/media?parent=571"}],"wp:term":[{"taxonomy":"category","embeddable":true,"href":"https:\/\/viaferrata-souterrata.fr\/index.php\/wp-json\/wp\/v2\/categories?post=571"},{"taxonomy":"post_tag","embeddable":true,"href":"https:\/\/viaferrata-souterrata.fr\/index.php\/wp-json\/wp\/v2\/tags?post=571"}],"curies":[{"name":"wp","href":"https:\/\/api.w.org\/{rel}","templated":true}]}}